{"id":160,"date":"2022-07-12T20:32:00","date_gmt":"2022-07-12T18:32:00","guid":{"rendered":"https:\/\/spado.lightcyde\/?post_type=blog_post&#038;p=160"},"modified":"2023-06-07T15:31:44","modified_gmt":"2023-06-07T13:31:44","slug":"das-ortszentrum-in-st-martin-am-techelsberg-in-der-aktuellen-ausgabe-6-2022-des-magazins-architektur-aktuell","status":"publish","type":"blog_post","link":"https:\/\/www.spado.at\/en\/aktuell\/das-ortszentrum-in-st-martin-am-techelsberg-in-der-aktuellen-ausgabe-6-2022-des-magazins-architektur-aktuell\/","title":{"rendered":"Das Ortszentrum in St. Martin am Techelsberg in der aktuellen Ausgabe 6.2022 des Magazins architektur.aktuell"},"content":{"rendered":"<section id='lightpress__section--block_fe72ec581aafb9461d44767caf07c1cb' class='lightpress__section--full-width lightpress__section lightpress__section--spacer' data-scroll-section><div class=\"spacer spacer--small\"><\/div><\/section>\n\n<section id='lightpress__section--block_a22d1e8e9199af02cb635d9555c77939' class='lightpress__section--full-width lightpress__section lightpress__section--project-intro' data-scroll-section><div class=\"project-intro limited-grid\">\n                    <div class=\"project-intro__image1\" data-aos=\"fade-up\" data-aos-once=\"true\">\n                            <picture>\n                                            <source srcset=\"https:\/\/www.spado.at\/wp-content\/uploads\/architektur_aktuell_TEC_kuball_c_spado-1098x1536.webp\" type=\"image\/webp\">\n                        <img decoding=\"async\" loading=\"lazy\" src=\"https:\/\/www.spado.at\/wp-content\/uploads\/architektur_aktuell_TEC_kuball_c_spado-1098x1536.jpg\"\n                             alt=\"architektur_aktuell_TEC_kuball_(c)_spado\"\n                             width=\"1098\"\n                             height=\"1536\">\n                                    <\/picture>\n                                    <\/div>\n    \n            <div class=\"project-intro__body1\" data-aos=\"fade-up\" data-aos-once=\"true\">\n                            <h2 class=\"project-intro__body1-title\">Beschreibung<\/h2>\n                        <p>KANN ARCHITEKTUR DEMOKRATIE ST\u00c4RKEN?<\/p>\n<p>\u201eTransparent und objektiv. Anders als beim Dorfplatz in Gert Jonkes Erstling \u201eGeometrischer Heimatroman\u201c ergibt sich aus dem Aufritt der neuen Mitte keine Abbildung gesellschaflicher Hierarchien oder streng formulierter Haltungen und Handlungen, sondern ein \u2013 auch in Relation zu der bescheidenen H\u00f6he der umschlossenen Verbauung \u2013 gut dimensionierter Platz, der demokratischen Vorstellungen entspricht. \u2026 Hier wird  b\u00fcrokratische und legistische Willk\u00fcr schon architektonisch erschwert, da die VolksvertreterInnen vor den Augen der \u00d6ffentlichkeit tagen, aber auch in Aus\u00fcbung ihrer T\u00e4tigkeit die Gemeinde nie aus dem Blick verlieren.\u201c<\/p>\n<p>Ulrich Tragatschnig \u00fcber das Ortszentrum in St. Martin am Techelsberg in der aktuellen Ausgabe 6.2022 des Magazins architektur.aktuell mit dem Titel Generic Durability | Stein, Ziegel, Beton.<\/p>\n<p>Architektur: spado architects &#038; Architekt DI Ernst Roth, Fotos: Christian Brandst\u00e4tter bzw. architektur.aktuell, David Schreyer<\/p>\n\n        <\/div>\n    \n    \n            <div class=\"project-intro__image2\" data-aos=\"fade-up\" data-aos-delay=\"200\" data-aos-once=\"true\">\n                                        <picture>\n                                            <source srcset=\"https:\/\/www.spado.at\/wp-content\/uploads\/architektur_aktuell_generic_durability-1006x1536.webp\" type=\"image\/webp\">\n                        <img decoding=\"async\" loading=\"lazy\" src=\"https:\/\/www.spado.at\/wp-content\/uploads\/architektur_aktuell_generic_durability-1006x1536.jpg\"\n                             alt=\"architektur_aktuell_generic_durability\"\n                             width=\"1006\"\n                             height=\"1536\">\n                                                        <\/div>\n    <\/div>\n<\/section>\n\n<section id='lightpress__section--block_93a5079976d8260ca273463723914a44' class='lightpress__section--full-width lightpress__section lightpress__section--spacer' data-scroll-section><div class=\"spacer spacer--\"><\/div><\/section>","protected":false},"excerpt":{"rendered":"<p>KANN ARCHITEKTUR DEMOKRATIE ST\u00c4RKEN?&#8230;<\/p>\n","protected":false},"featured_media":448,"template":"","meta":[],"class_list":["post-160","blog_post","type-blog_post","status-publish","has-post-thumbnail","hentry"],"acf":[],"_links":{"self":[{"href":"https:\/\/www.spado.at\/en\/wp-json\/wp\/v2\/blog_post\/160","targetHints":{"allow":["GET"]}}],"collection":[{"href":"https:\/\/www.spado.at\/en\/wp-json\/wp\/v2\/blog_post"}],"about":[{"href":"https:\/\/www.spado.at\/en\/wp-json\/wp\/v2\/types\/blog_post"}],"wp:featuredmedia":[{"embeddable":true,"href":"https:\/\/www.spado.at\/en\/wp-json\/wp\/v2\/media\/448"}],"wp:attachment":[{"href":"https:\/\/www.spado.at\/en\/wp-json\/wp\/v2\/media?parent=160"}],"curies":[{"name":"wp","href":"https:\/\/api.w.org\/{rel}","templated":true}]}}